{"id":6339,"date":"2026-08-20T09:47:14","date_gmt":"2026-08-20T15:47:14","guid":{"rendered":"https:\/\/revistamagisteriocr.com\/?p=6339"},"modified":"2026-08-20T09:47:17","modified_gmt":"2026-08-20T15:47:17","slug":"mas-de-100-ninas-de-guanacaste-exploran-su-futuro-en-la-ciencia-y-la-tecnologia","status":"publish","type":"post","link":"https:\/\/revistamagisteriocr.com\/?p=6339","title":{"rendered":"M\u00e1s de 100 ni\u00f1as de Guanacaste exploran su futuro en la ciencia y la tecnolog\u00eda"},"content":{"rendered":"\n<ul class=\"wp-block-list\">\n<li><strong><em>Gracias a encuentro regional STEM<\/em><\/strong><\/li>\n<\/ul>\n\n\n\n<p>M\u00e1s de un centenar de ni\u00f1as provenientes de diferentes centros educativos de Guanacaste participaron en el Encuentro Regional STEM, una jornada dise\u00f1ada para acercarlas al mundo de la ciencia, la tecnolog\u00eda, la ingenier\u00eda y las matem\u00e1ticas, \u00e1reas que contin\u00faan presentando una baja participaci\u00f3n femenina pese a su creciente importancia para el desarrollo econ\u00f3mico y la innovaci\u00f3n.<\/p>\n\n\n\n<p>La actividad, realizada en el auditorio de la Universidad de Costa Rica, sede Liberia, fue organizada por la Comisi\u00f3n de Ciencia y Tecnolog\u00eda, un esfuerzo interinstitucional que re\u00fane al Instituto Nacional de las Mujeres (INAMU), el Ministerio de Ciencia, Innovaci\u00f3n, Tecnolog\u00eda y Telecomunicaciones (MICITT), el Ministerio de Educaci\u00f3n P\u00fablica (MEP), el Instituto Nacional de Aprendizaje (INA), el Colegio Federado de Ingenieros y de Arquitectos de Costa Rica, as\u00ed como a la Universidad de Costa Rica, la Universidad Nacional, la Universidad T\u00e9cnica Nacional y la Universidad Estatal a Distancia.<\/p>\n\n\n\n<p>El objetivo principal del encuentro fue fortalecer el inter\u00e9s vocacional de ni\u00f1as y adolescentes en disciplinas STEM, consideradas estrat\u00e9gicas para el desarrollo del pa\u00eds y que hist\u00f3ricamente han estado dominadas por la participaci\u00f3n masculina. Para ello, las estudiantes participaron en talleres de rob\u00f3tica e inteligencia artificial, charlas educativas, actividades recreativas y una presentaci\u00f3n art\u00edstica inspirada en la historia de las mujeres cient\u00edficas costarricenses.<\/p>\n\n\n\n<p>M\u00e1s all\u00e1 de acercar a las participantes a nuevas tecnolog\u00edas, la iniciativa busc\u00f3 mostrar referentes femeninos en campos cient\u00edficos y tecnol\u00f3gicos, contribuyendo a romper estereotipos de g\u00e9nero que a\u00fan influyen en las decisiones acad\u00e9micas y profesionales de muchas j\u00f3venes.<\/p>\n\n\n\n<p>La presidenta ejecutiva del INAMU, Carolina Delgado, destac\u00f3 que impulsar vocaciones STEM desde edades tempranas representa una estrategia para ampliar las oportunidades de desarrollo de las ni\u00f1as y fortalecer la competitividad del pa\u00eds.<\/p>\n\n\n\n<p>&#8220;La promoci\u00f3n de vocaciones STEM en ni\u00f1as y adolescentes contribuye a romper estereotipos de g\u00e9nero, fomentar el pensamiento cr\u00edtico y fortalecer su empoderamiento, permiti\u00e9ndoles proyectarse en \u00e1mbitos de innovaci\u00f3n, ciencia y tecnolog\u00eda. Este tipo de espacios representan una inversi\u00f3n estrat\u00e9gica en el desarrollo del talento femenino y en la construcci\u00f3n de un pa\u00eds m\u00e1s competitivo, inclusivo y equitativo&#8221;, afirm\u00f3.<\/p>\n\n\n\n<p>La jerarca a\u00f1adi\u00f3 que estos espacios permiten que las menores tomen decisiones informadas sobre sus proyectos de vida y visualicen su participaci\u00f3n en sectores de alta demanda laboral, donde el talento especializado ser\u00e1 cada vez m\u00e1s necesario.<\/p>\n\n\n\n<p>Por su parte, el Instituto Nacional de Aprendizaje aprovech\u00f3 el encuentro para destacar los avances alcanzados en la incorporaci\u00f3n de mujeres en \u00e1reas t\u00e9cnicas donde tradicionalmente han existido mayores brechas de g\u00e9nero.<\/p>\n\n\n\n<p>Lucrecia Alfaro, de la Asesor\u00eda para la Igualdad y Equidad de G\u00e9nero del INA, indic\u00f3 que durante los \u00faltimos tres a\u00f1os el 27 % de las personas atendidas en carreras de mayor demanda y con menor presencia femenina han sido mujeres. Adem\u00e1s, la instituci\u00f3n ha otorgado m\u00e1s de 1.700 becas, equivalentes a cerca de \u20a11.500 millones, con el prop\u00f3sito de facilitar su acceso a programas de formaci\u00f3n especializados.<\/p>\n\n\n\n<p>Seg\u00fan explic\u00f3, estas acciones fortalecen la competitividad del pa\u00eds al ampliar la disponibilidad de talento humano altamente calificado y responder a las necesidades del sector productivo.<\/p>\n\n\n\n<p>El Ministerio de Educaci\u00f3n P\u00fablica tambi\u00e9n resalt\u00f3 el valor de este tipo de actividades como complemento al proceso formativo que reciben las estudiantes dentro de las aulas.<\/p>\n\n\n\n<p>El ministro de Educaci\u00f3n P\u00fablica, Leonardo S\u00e1nchez, asegur\u00f3 que estos encuentros inspiran a las ni\u00f1as a imaginar un futuro profesional en \u00e1reas cient\u00edficas y tecnol\u00f3gicas, al tiempo que ayudan a derribar barreras culturales que durante d\u00e9cadas limitaron su participaci\u00f3n en estos campos.<\/p>\n\n\n\n<p>&#8220;Nuestro compromiso es seguir generando oportunidades para que cada ni\u00f1a desarrolle su talento, alcance sus sue\u00f1os y contribuya, desde sus capacidades y vocaci\u00f3n, al desarrollo de una sociedad m\u00e1s innovadora, inclusiva y pr\u00f3spera&#8221;, manifest\u00f3.<\/p>\n\n\n\n<p>Las instituciones organizadoras coinciden en que promover la participaci\u00f3n femenina en las disciplinas STEM no solo representa un avance en materia de igualdad de oportunidades, sino tambi\u00e9n una apuesta estrat\u00e9gica para fortalecer la innovaci\u00f3n, la investigaci\u00f3n y la competitividad de Costa Rica en un contexto donde la demanda de profesionales especializados contin\u00faa en crecimiento.<\/p>\n","protected":false},"excerpt":{"rendered":"<p>M\u00e1s de un centenar de ni\u00f1as provenientes de diferentes centros educativos de Guanacaste participaron en el Encuentro Regional STEM, una jornada dise\u00f1ada para acercarlas al mundo de la ciencia, la tecnolog\u00eda, la ingenier\u00eda y las matem\u00e1ticas, \u00e1reas que contin\u00faan presentando una baja participaci\u00f3n femenina pese a su creciente importancia para el desarrollo econ\u00f3mico y la<\/p>\n","protected":false},"author":5,"featured_media":6340,"comment_status":"open","ping_status":"open","sticky":false,"template":"","format":"standard","meta":{"footnotes":""},"categories":[27,36,42],"tags":[],"class_list":{"0":"post-6339","1":"post","2":"type-post","3":"status-publish","4":"format-standard","5":"has-post-thumbnail","7":"category-actualidad","8":"category-lo-mas-reciente","9":"category-mep"},"_links":{"self":[{"href":"https:\/\/revistamagisteriocr.com\/index.php?rest_route=\/wp\/v2\/posts\/6339","targetHints":{"allow":["GET"]}}],"collection":[{"href":"https:\/\/revistamagisteriocr.com\/index.php?rest_route=\/wp\/v2\/posts"}],"about":[{"href":"https:\/\/revistamagisteriocr.com\/index.php?rest_route=\/wp\/v2\/types\/post"}],"author":[{"embeddable":true,"href":"https:\/\/revistamagisteriocr.com\/index.php?rest_route=\/wp\/v2\/users\/5"}],"replies":[{"embeddable":true,"href":"https:\/\/revistamagisteriocr.com\/index.php?rest_route=%2Fwp%2Fv2%2Fcomments&post=6339"}],"version-history":[{"count":1,"href":"https:\/\/revistamagisteriocr.com\/index.php?rest_route=\/wp\/v2\/posts\/6339\/revisions"}],"predecessor-version":[{"id":6341,"href":"https:\/\/revistamagisteriocr.com\/index.php?rest_route=\/wp\/v2\/posts\/6339\/revisions\/6341"}],"wp:featuredmedia":[{"embeddable":true,"href":"https:\/\/revistamagisteriocr.com\/index.php?rest_route=\/wp\/v2\/media\/6340"}],"wp:attachment":[{"href":"https:\/\/revistamagisteriocr.com\/index.php?rest_route=%2Fwp%2Fv2%2Fmedia&parent=6339"}],"wp:term":[{"taxonomy":"category","embeddable":true,"href":"https:\/\/revistamagisteriocr.com\/index.php?rest_route=%2Fwp%2Fv2%2Fcategories&post=6339"},{"taxonomy":"post_tag","embeddable":true,"href":"https:\/\/revistamagisteriocr.com\/index.php?rest_route=%2Fwp%2Fv2%2Ftags&post=6339"}],"curies":[{"name":"wp","href":"https:\/\/api.w.org\/{rel}","templated":true}]}}